{"id":617,"date":"2018-12-09T12:39:54","date_gmt":"2018-12-09T11:39:54","guid":{"rendered":"http:\/\/soclimb.pl\/?p=617"},"modified":"2018-12-13T08:35:51","modified_gmt":"2018-12-13T07:35:51","slug":"podsumowanie-sezonu-skalnego-2018","status":"publish","type":"post","link":"https:\/\/soclimb.pl\/index.php\/2018\/12\/09\/podsumowanie-sezonu-skalnego-2018\/","title":{"rendered":"Podsumowanie sezonu skalnego 2018"},"content":{"rendered":"<p>Koniec roku coraz bli\u017cej, a wi\u0119c pora na podsumowanie tego co dzia\u0142o si\u0119 w ostatnich 11 miesi\u0105cach. A dzia\u0142o si\u0119 sporo! Zdecydowana wi\u0119kszo\u015b\u0107 teamu osi\u0105gn\u0119\u0142a swoje cele i udowodni\u0142a, \u017ce rzetelny trening pop\u0142aca&#8230;:)<\/p>\n<h3>ProTeam<\/h3>\n<p>Zdecydowanie najbardziej imponuj\u0105cy zestaw przej\u015b\u0107 zgromadzi\u0142 <strong>Maciek<\/strong>. Zesz\u0142oroczne przerzucenie si\u0142 z pionowych klasyk\u00f3w jury p\u00f3\u0142nocnej na Pochylca by\u0142o strza\u0142em w dziesi\u0105tk\u0119. Przewspinane metry procentowa\u0142y z ka\u017cdym wyjazdem, a truskawk\u0105 na torcie okaza\u0142 si\u0119 <em>Filar Pochylca<\/em> VI.6\/6+. Po drodze pada\u0142y pochylcowe <em>Shock the monkey<\/em> VI.5+\/6 i <em>Wzlot<\/em> VI.5 oraz rozsiane po ca\u0142ej jurze K<em>lub aktywnego seniora<\/em> VI.5+ (3 pr\u00f3ba), <em>Ma\u0142y Ksi\u0105\u017ce<\/em> VI.5\/5+ i <em>Samotno\u015b\u0107 d\u0142ugodystansowca<\/em> VI.5 (obie w 1 dzie\u0144), <em>Murarz IV<\/em> VI.5, <em>Atak Glon\u00f3w<\/em> VI.5, <em>Pinokio<\/em> VI.5. Po sezonie jurajskim przyszed\u0142 czas na rozmas, kt\u00f3ry zako\u0144czy\u0142 si\u0119 przywiezieniem z podtopionej Sycylii worka przej\u015b\u0107 z m.in. <em>The Wish<\/em> 7c\/c+, <em>Christo<\/em> 7c+, <em>Mega Dave<\/em> 7c+ oraz<em> Il minotauro<\/em> 7b OS.<\/p>\n<p><img loading=\"lazy\" decoding=\"async\" class=\"size-medium wp-image-622 alignnone\" src=\"https:\/\/soclimb.pl\/wp-content\/uploads\/2018\/12\/0034-201x300.jpg\" alt=\"\" width=\"201\" height=\"300\" srcset=\"https:\/\/soclimb.pl\/wp-content\/uploads\/2018\/12\/0034-201x300.jpg 201w, https:\/\/soclimb.pl\/wp-content\/uploads\/2018\/12\/0034-768x1147.jpg 768w, https:\/\/soclimb.pl\/wp-content\/uploads\/2018\/12\/0034-685x1024.jpg 685w\" sizes=\"auto, (max-width: 201px) 100vw, 201px\" \/>\u00a0 \u00a0 \u00a0<img loading=\"lazy\" decoding=\"async\" class=\"alignnone size-medium wp-image-624\" src=\"https:\/\/soclimb.pl\/wp-content\/uploads\/2018\/12\/0008-201x300.jpg\" alt=\"\" width=\"201\" height=\"300\" srcset=\"https:\/\/soclimb.pl\/wp-content\/uploads\/2018\/12\/0008-201x300.jpg 201w, https:\/\/soclimb.pl\/wp-content\/uploads\/2018\/12\/0008-768x1147.jpg 768w, https:\/\/soclimb.pl\/wp-content\/uploads\/2018\/12\/0008-685x1024.jpg 685w\" sizes=\"auto, (max-width: 201px) 100vw, 201px\" \/>\u00a0 \u00a0 \u00a0<img loading=\"lazy\" decoding=\"async\" class=\"alignnone size-medium wp-image-625\" src=\"https:\/\/soclimb.pl\/wp-content\/uploads\/2018\/12\/IMG-3268-225x300.jpg\" alt=\"\" width=\"225\" height=\"300\" srcset=\"https:\/\/soclimb.pl\/wp-content\/uploads\/2018\/12\/IMG-3268-225x300.jpg 225w, https:\/\/soclimb.pl\/wp-content\/uploads\/2018\/12\/IMG-3268-768x1024.jpg 768w\" sizes=\"auto, (max-width: 225px) 100vw, 225px\" \/><\/p>\n<p><strong>Filip <\/strong>nie do\u015b\u0107, \u017ce wykona\u0142 plan na ten sezon prowadz\u0105c swoje pierwsze VI.5+ to dodatkowo wykona\u0142 od razu plan na przysz\u0142y prowadz\u0105c swoje pierwsze VI.5+\/6 (wi\u0119c do wspinania mo\u017ce wr\u00f3ci\u0107 dopiero w 2020). Ale po kolei &#8211; \u015brubowanie swoich przej\u015b\u0107 rozpocz\u0105\u0142 ju\u017c w marcu, w Leonidio, prowadz\u0105c <em>Paraplanisi<\/em> &#8211; swoje pierwsze westowe 7c+. Z tego samego wyjazdu przywi\u00f3z\u0142 <em>Acrovatis<\/em> 7c oraz <em>Amalthee<\/em> 7b+. Zaraz po powrocie na jur\u0119 zacz\u0105\u0142 kompletowanie kolejnych dr\u00f3g spod znaku VI.5.<em> Brutalny trucht, Hektor, Wzlot, Pinokio, Odlot ma\u0142py<\/em> oraz <em>Odlot proroka<\/em> stanowi\u0142y \u015bwietn\u0105 baz\u0119 do prowadzenia pierwszych VI.5+ &#8211; <em>Onyksa<\/em> i <em>Mocy piekielnych<\/em>. Chwila przerwy od \u017cyci\u00f3wek to prowadzenie <em>Nienasycenia<\/em> VI.4+\/5,\u00a0 <em>Ataku glon\u00f3w<\/em> VI.5, <em>Messera<\/em> VI.5 i <em>Ma\u0142ego Ksi\u0119cia<\/em> VI.5\/5+. Ten zestaw przej\u015b\u0107 wprowadzi\u0142 go na <em>Alej\u0119 Zas\u0142u\u017conych<\/em> VI.5+\/6. Na zako\u0144czenie sezonu jurajskiego, nieco na przek\u00f3r kalendarzowi, pada<em> Powitanie Wiosny<\/em> VI.5+\/6. Sezon zosta\u0142 zako\u0144czony w Ospie prowadzeniem tamtejszych klasyk\u00f3w na czele z <em>Hobitem<\/em> 7c, <em>Fig\u0105<\/em> 7b+ i <em>Tortug\u0105<\/em> 7b.<\/p>\n<p><img loading=\"lazy\" decoding=\"async\" class=\"alignnone size-medium wp-image-629\" src=\"https:\/\/soclimb.pl\/wp-content\/uploads\/2018\/12\/44696861_1410359842428664_2539236561485037568_n-300x169.jpg\" alt=\"\" width=\"300\" height=\"169\" srcset=\"https:\/\/soclimb.pl\/wp-content\/uploads\/2018\/12\/44696861_1410359842428664_2539236561485037568_n-300x169.jpg 300w, https:\/\/soclimb.pl\/wp-content\/uploads\/2018\/12\/44696861_1410359842428664_2539236561485037568_n-768x432.jpg 768w, https:\/\/soclimb.pl\/wp-content\/uploads\/2018\/12\/44696861_1410359842428664_2539236561485037568_n-1024x576.jpg 1024w, https:\/\/soclimb.pl\/wp-content\/uploads\/2018\/12\/44696861_1410359842428664_2539236561485037568_n.jpg 1334w\" sizes=\"auto, (max-width: 300px) 100vw, 300px\" \/>\u00a0 \u00a0 \u00a0 <img loading=\"lazy\" decoding=\"async\" class=\"alignnone size-medium wp-image-630\" src=\"https:\/\/soclimb.pl\/wp-content\/uploads\/2018\/12\/IMG-5170-225x300.jpg\" alt=\"\" width=\"225\" height=\"300\" srcset=\"https:\/\/soclimb.pl\/wp-content\/uploads\/2018\/12\/IMG-5170-225x300.jpg 225w, https:\/\/soclimb.pl\/wp-content\/uploads\/2018\/12\/IMG-5170-768x1024.jpg 768w\" sizes=\"auto, (max-width: 225px) 100vw, 225px\" \/>\u00a0 \u00a0 \u00a0<img loading=\"lazy\" decoding=\"async\" class=\"alignnone size-medium wp-image-631\" src=\"https:\/\/soclimb.pl\/wp-content\/uploads\/2018\/12\/IMG-5271-300x169.jpg\" alt=\"\" width=\"300\" height=\"169\" srcset=\"https:\/\/soclimb.pl\/wp-content\/uploads\/2018\/12\/IMG-5271-300x169.jpg 300w, https:\/\/soclimb.pl\/wp-content\/uploads\/2018\/12\/IMG-5271-768x432.jpg 768w, https:\/\/soclimb.pl\/wp-content\/uploads\/2018\/12\/IMG-5271-1024x576.jpg 1024w\" sizes=\"auto, (max-width: 300px) 100vw, 300px\" \/><\/p>\n<p><strong>Marcin<\/strong>, wraz z ca\u0142ym ProTeamem rozpocz\u0105\u0142 sezon w Leonidio. Podobnie jak Filip podni\u00f3s\u0142 tam swoj\u0105 \u017cyci\u00f3wk\u0119 prowadz\u0105\u0107 <em>Paraplanisi<\/em> 7c+ dorzuci\u0142 <em>Amalthee<\/em> 7b+ oraz podni\u00f3s\u0142 poprzeczk\u0119 w stylu Flash na <em>Chuck Notis<\/em> 7a+. Sezon w Polsce zacz\u0105\u0142 si\u0119 prowadzeniem pierwszej VI.5 a nast\u0119pnie up\u0142ywa\u0142 w stopniu VI.5 co daje dobr\u0105 baz\u0119 na przysz\u0142y rok. Sze\u015b\u0107-pi\u0105tki zgromadzone w tym sezonie to\u00a0<em>Hektor<\/em>, <em>Pionokio<\/em>, <em>Kampania Zimowa<\/em>, <em>Brutalny Trucht<\/em> oraz <em>Bita Danka<\/em> (w jeden dzie\u0144). Do tego kilka dr\u00f3g o p\u00f3\u0142 wyceny ni\u017cszych (<em>Ogi<\/em>, <em>M\u0119drcy Trafalmandrii<\/em>, <em>Miski Universum<\/em> oraz<em> Pi-Ching)<\/em>.<\/p>\n<p><img loading=\"lazy\" decoding=\"async\" class=\"alignnone size-medium wp-image-633\" src=\"https:\/\/soclimb.pl\/wp-content\/uploads\/2018\/12\/0005-201x300.jpg\" alt=\"\" width=\"201\" height=\"300\" srcset=\"https:\/\/soclimb.pl\/wp-content\/uploads\/2018\/12\/0005-201x300.jpg 201w, https:\/\/soclimb.pl\/wp-content\/uploads\/2018\/12\/0005-768x1147.jpg 768w, https:\/\/soclimb.pl\/wp-content\/uploads\/2018\/12\/0005-685x1024.jpg 685w\" sizes=\"auto, (max-width: 201px) 100vw, 201px\" \/>\u00a0 \u00a0 \u00a0\u00a0<img loading=\"lazy\" decoding=\"async\" class=\"alignnone size-medium wp-image-634\" src=\"https:\/\/soclimb.pl\/wp-content\/uploads\/2018\/12\/0032-201x300.jpg\" alt=\"\" width=\"201\" height=\"300\" srcset=\"https:\/\/soclimb.pl\/wp-content\/uploads\/2018\/12\/0032-201x300.jpg 201w, https:\/\/soclimb.pl\/wp-content\/uploads\/2018\/12\/0032-768x1147.jpg 768w, https:\/\/soclimb.pl\/wp-content\/uploads\/2018\/12\/0032-685x1024.jpg 685w\" sizes=\"auto, (max-width: 201px) 100vw, 201px\" \/>\u00a0 \u00a0 \u00a0\u00a0<img loading=\"lazy\" decoding=\"async\" class=\"alignnone size-medium wp-image-635\" src=\"https:\/\/soclimb.pl\/wp-content\/uploads\/2018\/12\/0039-201x300.jpg\" alt=\"\" width=\"201\" height=\"300\" srcset=\"https:\/\/soclimb.pl\/wp-content\/uploads\/2018\/12\/0039-201x300.jpg 201w, https:\/\/soclimb.pl\/wp-content\/uploads\/2018\/12\/0039-768x1147.jpg 768w, https:\/\/soclimb.pl\/wp-content\/uploads\/2018\/12\/0039-685x1024.jpg 685w\" sizes=\"auto, (max-width: 201px) 100vw, 201px\" \/><\/p>\n<p><strong>Bartek<\/strong> w greckich promieniach s\u0142o\u0144ca postawi\u0142 na rozwspin i popraw\u0119 poziomu OS, co te\u017c uczyni\u0142 prowadzeniem<em> Tsibouri Extension<\/em> 7a. Po powrocie do Polski dorzuca\u0142 kolejne drogi ze szczeg\u00f3lnym upodobaniem tych, znajduj\u0105cych si\u0119 w Dolinie Wiecicy. I tak padaj\u0105 chronologicznie\u00a0<em>Zanikaj\u0105cy Biceps<\/em> VI.4\/4+, <em>Rekin<\/em> VI.4, <em>Ogi<\/em> VI.4+, <em>M\u0119drcy Trafalmandrii<\/em> VI.4+, <em>Le\u015bne Echa<\/em> VI.4\/4+, <em>Palowanie<\/em> VI.4, \u00a0<em>Prostowanie Henia<\/em> VI.4. A najwa\u017cniejszymi zdobyczami tego sezonu s\u0105 \u015bwietne\u00a0<em>Hektor<\/em> VI.5 oraz\u00a0<em>Messer<\/em> VI.5 \ud83d\ude42<\/p>\n<p><img loading=\"lazy\" decoding=\"async\" class=\"alignnone size-medium wp-image-636\" src=\"https:\/\/soclimb.pl\/wp-content\/uploads\/2018\/12\/0016-201x300.jpg\" alt=\"\" width=\"201\" height=\"300\" srcset=\"https:\/\/soclimb.pl\/wp-content\/uploads\/2018\/12\/0016-201x300.jpg 201w, https:\/\/soclimb.pl\/wp-content\/uploads\/2018\/12\/0016-768x1147.jpg 768w, https:\/\/soclimb.pl\/wp-content\/uploads\/2018\/12\/0016-685x1024.jpg 685w\" sizes=\"auto, (max-width: 201px) 100vw, 201px\" \/>\u00a0 \u00a0 \u00a0\u00a0<img loading=\"lazy\" decoding=\"async\" class=\"alignnone size-medium wp-image-637\" src=\"https:\/\/soclimb.pl\/wp-content\/uploads\/2018\/12\/36872558_1871696762887362_5829234600311783424_n-1-225x300.jpg\" alt=\"\" width=\"225\" height=\"300\" srcset=\"https:\/\/soclimb.pl\/wp-content\/uploads\/2018\/12\/36872558_1871696762887362_5829234600311783424_n-1-225x300.jpg 225w, https:\/\/soclimb.pl\/wp-content\/uploads\/2018\/12\/36872558_1871696762887362_5829234600311783424_n-1-768x1024.jpg 768w, https:\/\/soclimb.pl\/wp-content\/uploads\/2018\/12\/36872558_1871696762887362_5829234600311783424_n-1.jpg 1440w\" sizes=\"auto, (max-width: 225px) 100vw, 225px\" \/>\u00a0 \u00a0 \u00a0\u00a0 <img loading=\"lazy\" decoding=\"async\" class=\"alignnone size-medium wp-image-638\" src=\"https:\/\/soclimb.pl\/wp-content\/uploads\/2018\/12\/38749797_512366045889092_5874914403593224192_n-223x300.jpg\" alt=\"\" width=\"223\" height=\"300\" srcset=\"https:\/\/soclimb.pl\/wp-content\/uploads\/2018\/12\/38749797_512366045889092_5874914403593224192_n-223x300.jpg 223w, https:\/\/soclimb.pl\/wp-content\/uploads\/2018\/12\/38749797_512366045889092_5874914403593224192_n-768x1032.jpg 768w, https:\/\/soclimb.pl\/wp-content\/uploads\/2018\/12\/38749797_512366045889092_5874914403593224192_n-762x1024.jpg 762w, https:\/\/soclimb.pl\/wp-content\/uploads\/2018\/12\/38749797_512366045889092_5874914403593224192_n.jpg 1152w\" sizes=\"auto, (max-width: 223px) 100vw, 223px\" \/><\/p>\n<h3>PreTeam \ud83d\ude42<\/h3>\n<p>Poprzeczk\u0119 podni\u00f3s\u0142 te\u017c <strong>Rafa\u0142<\/strong> prowadz\u0105c swoje pierwsze drogi wykraczaj\u0105ce poza poziom VI.4. Pierwsz\u0105 by\u0142<em> Bal Sztywniak\u00f3w<\/em> VI.4\/4+ na Brzuchackiej Skale, natomiast drug\u0105 w tej samej wycenie <em>Huragan Katherina<\/em> na Dworskim Lesie. Do tego dwie si\u00f3demki-be w tureckim Geyik Bayiri (<em>Toros<\/em> oraz <em>Demir Kazik<\/em>), siedem si\u00f3demek a plus, i kilka si\u00f3demek-a fleszem.<\/p>\n<p><img loading=\"lazy\" decoding=\"async\" class=\"alignnone size-medium wp-image-665\" src=\"https:\/\/soclimb.pl\/wp-content\/uploads\/2018\/12\/IMG_3237-200x300.jpg\" alt=\"\" width=\"200\" height=\"300\" srcset=\"https:\/\/soclimb.pl\/wp-content\/uploads\/2018\/12\/IMG_3237-200x300.jpg 200w, https:\/\/soclimb.pl\/wp-content\/uploads\/2018\/12\/IMG_3237-768x1152.jpg 768w, https:\/\/soclimb.pl\/wp-content\/uploads\/2018\/12\/IMG_3237-683x1024.jpg 683w\" sizes=\"auto, (max-width: 200px) 100vw, 200px\" \/><\/p>\n<p>Uroki naszej Jury poznawa\u0142 <strong>Alexey<\/strong>, kt\u00f3ry skupia\u0142 si\u0119 g\u0142\u00f3wnie na wyborze klasyk\u00f3w. Z ciekawszych dr\u00f3g poprowadzi\u0142 <em>Odlot<\/em> oraz <em>Reductio ad absurdum<\/em> (obie za VI.4), <em>Prostowanie Wariant\u00f3w Klasycznych<\/em> VI.3+\/4,\u00a0<em>Cadyka Cype\u0142e<\/em> VI.3+ fleszem oraz gar\u015b\u0107 innych VI.3+ w szybkim RP. <em>Telewizor<\/em>, <em>Zapraszamy do tr\u00f3jki<\/em>, <em>Drwal kostuch<\/em>, <em>Magnetowid<\/em>, <em>Tarantula<\/em>, <em>XXI Vek<\/em> (Palcevo\/Rosja), <em>Polak musi<\/em> oraz <em>Hiszpa\u0144ski Filar<\/em>. W stylu bez znajomo\u015bci zaliczy\u0142 \u0142adny onsajt na <em>Cz\u0142owieku kt\u00f3ry si\u0119 chujom nie k\u0142ania\u0142 <\/em>VI.3.<\/p>\n<p><img loading=\"lazy\" decoding=\"async\" class=\"alignnone size-medium wp-image-639\" src=\"https:\/\/soclimb.pl\/wp-content\/uploads\/2018\/12\/31531545_1886389764726731_4761693308927868928_n-225x300.jpg\" alt=\"\" width=\"225\" height=\"300\" srcset=\"https:\/\/soclimb.pl\/wp-content\/uploads\/2018\/12\/31531545_1886389764726731_4761693308927868928_n-225x300.jpg 225w, https:\/\/soclimb.pl\/wp-content\/uploads\/2018\/12\/31531545_1886389764726731_4761693308927868928_n.jpg 768w\" sizes=\"auto, (max-width: 225px) 100vw, 225px\" \/>\u00a0 \u00a0 \u00a0\u00a0 <img loading=\"lazy\" decoding=\"async\" class=\"alignnone size-medium wp-image-640\" src=\"https:\/\/soclimb.pl\/wp-content\/uploads\/2018\/12\/36188242_1618991138229412_2665143317313880064_n-225x300.jpg\" alt=\"\" width=\"225\" height=\"300\" srcset=\"https:\/\/soclimb.pl\/wp-content\/uploads\/2018\/12\/36188242_1618991138229412_2665143317313880064_n-225x300.jpg 225w, https:\/\/soclimb.pl\/wp-content\/uploads\/2018\/12\/36188242_1618991138229412_2665143317313880064_n-768x1024.jpg 768w, https:\/\/soclimb.pl\/wp-content\/uploads\/2018\/12\/36188242_1618991138229412_2665143317313880064_n.jpg 1620w\" sizes=\"auto, (max-width: 225px) 100vw, 225px\" \/><\/p>\n<p>Systematycznie sw\u00f3j poziom podnosi <strong>Wojtek<\/strong>. W tym roku zatrzyma\u0142 si\u0119 na 7a+, kt\u00f3re przywi\u00f3z\u0142 ze s\u0142onecznej Sycylii. Szcz\u0119\u015bliw\u0105 wybrank\u0105 okaza\u0142a si\u0119 droga <em>Alfa Romeo<\/em> (przeceniona z 7b). Dodatkowo dorzuci\u0142 swoje pierwsze jurajskie VI.3 <em>Lex Steel<\/em>. A nast\u0119pnie drugie i trzecie \u2013 <em>Panel S\u0142oneczny<\/em> oraz<em> Lewiatana<\/em>. Do tego <em>Mitomaniak <\/em>VI.2+, <em>Dziurka Prezesa <\/em>VI.2+\u00a0oraz kalymnoska<em> Barba Yorghos<\/em>\u00a06c+.<\/p>\n<p><img loading=\"lazy\" decoding=\"async\" class=\"alignnone size-medium wp-image-641\" src=\"https:\/\/soclimb.pl\/wp-content\/uploads\/2018\/12\/30710329_1871695956196112_4197753206631038976_n-300x225.jpg\" alt=\"\" width=\"300\" height=\"225\" srcset=\"https:\/\/soclimb.pl\/wp-content\/uploads\/2018\/12\/30710329_1871695956196112_4197753206631038976_n-300x225.jpg 300w, https:\/\/soclimb.pl\/wp-content\/uploads\/2018\/12\/30710329_1871695956196112_4197753206631038976_n-768x576.jpg 768w, https:\/\/soclimb.pl\/wp-content\/uploads\/2018\/12\/30710329_1871695956196112_4197753206631038976_n-1024x768.jpg 1024w\" sizes=\"auto, (max-width: 300px) 100vw, 300px\" \/>\u00a0 \u00a0 \u00a0\u00a0 <img loading=\"lazy\" decoding=\"async\" class=\"alignnone size-medium wp-image-642\" src=\"https:\/\/soclimb.pl\/wp-content\/uploads\/2018\/12\/40623762_843599156030962_1100648342410493952_n-1-169x300.jpg\" alt=\"\" width=\"169\" height=\"300\" srcset=\"https:\/\/soclimb.pl\/wp-content\/uploads\/2018\/12\/40623762_843599156030962_1100648342410493952_n-1-169x300.jpg 169w, https:\/\/soclimb.pl\/wp-content\/uploads\/2018\/12\/40623762_843599156030962_1100648342410493952_n-1-768x1366.jpg 768w, https:\/\/soclimb.pl\/wp-content\/uploads\/2018\/12\/40623762_843599156030962_1100648342410493952_n-1-576x1024.jpg 576w, https:\/\/soclimb.pl\/wp-content\/uploads\/2018\/12\/40623762_843599156030962_1100648342410493952_n-1.jpg 899w\" sizes=\"auto, (max-width: 169px) 100vw, 169px\" \/>\u00a0 \u00a0 \u00a0\u00a0<img loading=\"lazy\" decoding=\"async\" class=\"alignnone size-medium wp-image-643\" src=\"https:\/\/soclimb.pl\/wp-content\/uploads\/2018\/12\/44874555_257499241629083_344404150336880640_n-1-300x169.jpg\" alt=\"\" width=\"300\" height=\"169\" srcset=\"https:\/\/soclimb.pl\/wp-content\/uploads\/2018\/12\/44874555_257499241629083_344404150336880640_n-1-300x169.jpg 300w, https:\/\/soclimb.pl\/wp-content\/uploads\/2018\/12\/44874555_257499241629083_344404150336880640_n-1-768x432.jpg 768w, https:\/\/soclimb.pl\/wp-content\/uploads\/2018\/12\/44874555_257499241629083_344404150336880640_n-1-1024x576.jpg 1024w, https:\/\/soclimb.pl\/wp-content\/uploads\/2018\/12\/44874555_257499241629083_344404150336880640_n-1.jpg 1920w\" sizes=\"auto, (max-width: 300px) 100vw, 300px\" \/><\/p>\n<p>R\u00f3wnie\u017c na Sycylii swoje chwile chwa\u0142y \u015bwi\u0119ci\u0142 <strong>Adi<\/strong>. Sezon rozpocz\u0105\u0142 prowadzeniem swojej westowej \u017cyci\u00f3wki \u2013 <em>Anaconda<\/em> 6c, natomiast zako\u0144czy\u0142 prowadzeniem swojego pierwszego 7a <em>The Riddle<\/em>. Pierwsz\u0105 sze\u015b\u0107-tr\u00f3jk\u0105 by\u0142o <em>Pragnienie<\/em> VI.3. na \u0141utowcu Opr\u00f3cz tego\u00a0 do kajetu wpad\u0142\u00a0<em>Mitomaniak<\/em>\u00a0VI.2+, <em>Cargo<\/em> VI.2 fleszem,\u00a0<em>Wstanie z \u0141apy<\/em> VI.2. oraz sporo dr\u00f3g z poziomu VI.1 OS.<\/p>\n<p><img loading=\"lazy\" decoding=\"async\" class=\"alignnone size-medium wp-image-643\" src=\"https:\/\/soclimb.pl\/wp-content\/uploads\/2018\/12\/44874555_257499241629083_344404150336880640_n-1-300x169.jpg\" alt=\"\" width=\"300\" height=\"169\" srcset=\"https:\/\/soclimb.pl\/wp-content\/uploads\/2018\/12\/44874555_257499241629083_344404150336880640_n-1-300x169.jpg 300w, https:\/\/soclimb.pl\/wp-content\/uploads\/2018\/12\/44874555_257499241629083_344404150336880640_n-1-768x432.jpg 768w, https:\/\/soclimb.pl\/wp-content\/uploads\/2018\/12\/44874555_257499241629083_344404150336880640_n-1-1024x576.jpg 1024w, https:\/\/soclimb.pl\/wp-content\/uploads\/2018\/12\/44874555_257499241629083_344404150336880640_n-1.jpg 1920w\" sizes=\"auto, (max-width: 300px) 100vw, 300px\" \/>\u00a0 \u00a0 \u00a0\u00a0<img loading=\"lazy\" decoding=\"async\" class=\"alignnone size-medium wp-image-645\" src=\"https:\/\/soclimb.pl\/wp-content\/uploads\/2018\/12\/0012-300x201.jpg\" alt=\"\" width=\"300\" height=\"201\" srcset=\"https:\/\/soclimb.pl\/wp-content\/uploads\/2018\/12\/0012-300x201.jpg 300w, https:\/\/soclimb.pl\/wp-content\/uploads\/2018\/12\/0012-768x514.jpg 768w, https:\/\/soclimb.pl\/wp-content\/uploads\/2018\/12\/0012-1024x685.jpg 1024w\" sizes=\"auto, (max-width: 300px) 100vw, 300px\" \/>\u00a0 \u00a0 \u00a0\u00a0<img loading=\"lazy\" decoding=\"async\" class=\"alignnone size-medium wp-image-646\" src=\"https:\/\/soclimb.pl\/wp-content\/uploads\/2018\/12\/IMG_5329-225x300.jpg\" alt=\"\" width=\"225\" height=\"300\" srcset=\"https:\/\/soclimb.pl\/wp-content\/uploads\/2018\/12\/IMG_5329-225x300.jpg 225w, https:\/\/soclimb.pl\/wp-content\/uploads\/2018\/12\/IMG_5329-768x1024.jpg 768w\" sizes=\"auto, (max-width: 225px) 100vw, 225px\" \/><\/p>\n<p>Na popraw\u0119 swojej \u017cyci\u00f3wki postawi\u0142a r\u00f3wnie\u017c\u00a0<strong>Asia<\/strong>. Postawi\u0142a i to skutecznie bo przeskakuj\u0105c jeden poziom poprowadzi\u0142a\u00a0<em>Lewiatana<\/em> VI.3 \ud83d\ude42<\/p>\n<p><img loading=\"lazy\" decoding=\"async\" class=\"alignnone size-medium wp-image-647\" src=\"https:\/\/soclimb.pl\/wp-content\/uploads\/2018\/12\/41838091_1945674075501102_2381519534105296896_n-300x300.jpg\" alt=\"\" width=\"300\" height=\"300\" srcset=\"https:\/\/soclimb.pl\/wp-content\/uploads\/2018\/12\/41838091_1945674075501102_2381519534105296896_n-300x300.jpg 300w, https:\/\/soclimb.pl\/wp-content\/uploads\/2018\/12\/41838091_1945674075501102_2381519534105296896_n-150x150.jpg 150w, https:\/\/soclimb.pl\/wp-content\/uploads\/2018\/12\/41838091_1945674075501102_2381519534105296896_n-768x768.jpg 768w, https:\/\/soclimb.pl\/wp-content\/uploads\/2018\/12\/41838091_1945674075501102_2381519534105296896_n-1024x1024.jpg 1024w\" sizes=\"auto, (max-width: 300px) 100vw, 300px\" \/><\/p>\n<p>B\u0142yskawiczne post\u0119py poczyni\u0142a <strong>Karolina<\/strong>\u00a0prowadz\u0105c takie drogi jak\u00a0<em>Oktoberfest<\/em> VI.2, <em>Morrison Hotel<\/em> VI.1+, <em>Ma\u0142e Modrzewiowe Loty<\/em> VI.1+, <em>Filarek Bularza<\/em> VI.1+, <em>23 karatos\u00a0<\/em>6b+ (Kis-Geresce). R\u00f3wnie\u017c prosi\u0142a o wymienienie <em>\u017ba\u0142oby po wyrzuconej szmacie<\/em> VI+ ze wzgl\u0119du na nazw\u0119 \ud83d\ude42 Ale topem top\u00f3w zosta\u0142 <em>Panel S\u0142oneczny<\/em> VI.3 !<\/p>\n<p><img loading=\"lazy\" decoding=\"async\" class=\"alignnone size-medium wp-image-653\" src=\"https:\/\/soclimb.pl\/wp-content\/uploads\/2018\/12\/IMG_5379-225x300.jpg\" alt=\"\" width=\"225\" height=\"300\" srcset=\"https:\/\/soclimb.pl\/wp-content\/uploads\/2018\/12\/IMG_5379-225x300.jpg 225w, https:\/\/soclimb.pl\/wp-content\/uploads\/2018\/12\/IMG_5379-768x1024.jpg 768w\" sizes=\"auto, (max-width: 225px) 100vw, 225px\" \/>\u00a0 \u00a0 \u00a0\u00a0<img loading=\"lazy\" decoding=\"async\" class=\"alignnone size-medium wp-image-661\" src=\"https:\/\/soclimb.pl\/wp-content\/uploads\/2018\/12\/47685204_230262111221213_1962995990680043520_n-225x300.jpg\" alt=\"\" width=\"225\" height=\"300\" srcset=\"https:\/\/soclimb.pl\/wp-content\/uploads\/2018\/12\/47685204_230262111221213_1962995990680043520_n-225x300.jpg 225w, https:\/\/soclimb.pl\/wp-content\/uploads\/2018\/12\/47685204_230262111221213_1962995990680043520_n-768x1024.jpg 768w, https:\/\/soclimb.pl\/wp-content\/uploads\/2018\/12\/47685204_230262111221213_1962995990680043520_n.jpg 1200w\" sizes=\"auto, (max-width: 225px) 100vw, 225px\" \/>\u00a0 \u00a0 \u00a0\u00a0<img loading=\"lazy\" decoding=\"async\" class=\"alignnone size-medium wp-image-662\" src=\"https:\/\/soclimb.pl\/wp-content\/uploads\/2018\/12\/48056181_2381261002101490_1457111068697427968_n-225x300.jpg\" alt=\"\" width=\"225\" height=\"300\" srcset=\"https:\/\/soclimb.pl\/wp-content\/uploads\/2018\/12\/48056181_2381261002101490_1457111068697427968_n-225x300.jpg 225w, https:\/\/soclimb.pl\/wp-content\/uploads\/2018\/12\/48056181_2381261002101490_1457111068697427968_n-768x1024.jpg 768w\" sizes=\"auto, (max-width: 225px) 100vw, 225px\" \/><\/p>\n<p><strong>Pawe\u0142<\/strong> w przerwach pomi\u0119dzy pr\u00f3bami na swoich projektach dorzuci\u0142 do kajetu <em>Dunajow\u0105 Cest\u0119<\/em>, <em>Cz\u0142owieka kt\u00f3ry si\u0119 chujom nie k\u0142ania\u0142<\/em> oraz <em>Lewiatana\u00a0<\/em>&#8211; wszystkie za VI.3.<\/p>\n<p><strong>Mateusz<\/strong> szybko podni\u00f3s\u0142 swoj\u0105 \u017cyci\u00f3wk\u0119 prowadz\u0105c <em>Oko Demona <\/em>VI.2\u00a0na Podzamczu, a nast\u0119pnie w \u015brodku lata, w Rz\u0119dkowicach, po ci\u0119\u017ckich negocjacjach, aby jednak nie wspina\u0107 si\u0119 po \u0142atwym (dzi\u0119ki Alex!) <em>My\u015bliwych z Jurgowa<\/em> VI.2+ w trzeciej pr\u00f3bie.<\/p>\n<p><img loading=\"lazy\" decoding=\"async\" class=\"alignnone size-medium wp-image-654\" src=\"https:\/\/soclimb.pl\/wp-content\/uploads\/2018\/12\/38033425_1829677667114584_1437348695807885312_n-169x300.jpg\" alt=\"\" width=\"169\" height=\"300\" srcset=\"https:\/\/soclimb.pl\/wp-content\/uploads\/2018\/12\/38033425_1829677667114584_1437348695807885312_n-169x300.jpg 169w, https:\/\/soclimb.pl\/wp-content\/uploads\/2018\/12\/38033425_1829677667114584_1437348695807885312_n.jpg 540w\" sizes=\"auto, (max-width: 169px) 100vw, 169px\" \/>\u00a0 \u00a0 \u00a0\u00a0 <img loading=\"lazy\" decoding=\"async\" class=\"alignnone size-medium wp-image-655\" src=\"https:\/\/soclimb.pl\/wp-content\/uploads\/2018\/12\/36475567_2117594375185894_5568954896364863488_n-300x225.jpg\" alt=\"\" width=\"300\" height=\"225\" srcset=\"https:\/\/soclimb.pl\/wp-content\/uploads\/2018\/12\/36475567_2117594375185894_5568954896364863488_n-300x225.jpg 300w, https:\/\/soclimb.pl\/wp-content\/uploads\/2018\/12\/36475567_2117594375185894_5568954896364863488_n-768x576.jpg 768w, https:\/\/soclimb.pl\/wp-content\/uploads\/2018\/12\/36475567_2117594375185894_5568954896364863488_n-1024x768.jpg 1024w\" sizes=\"auto, (max-width: 300px) 100vw, 300px\" \/><\/p>\n<p>Trzy stopnie trudno\u015bci przeskoczy\u0142a w tym roku <strong>Ela<\/strong>. W kwietniu wskoczy\u0142a na poziom 6a prowadz\u0105c na Sycylii <em>Nina G<\/em>. Na jurze dodawa\u0142a kolejne drogi w sz\u00f3stkowych trudno\u015bciach, a licznik zatrzyma\u0142 si\u0119 na VI.1 (<em>Adrenalina skoczy\u0142a<\/em> i <em>Aldi Quattro<\/em>).<\/p>\n<p><img loading=\"lazy\" decoding=\"async\" class=\"alignnone size-medium wp-image-648\" src=\"https:\/\/soclimb.pl\/wp-content\/uploads\/2018\/12\/35299915_1890649307665624_5076667561668509696_n-1-300x169.jpg\" alt=\"\" width=\"300\" height=\"169\" srcset=\"https:\/\/soclimb.pl\/wp-content\/uploads\/2018\/12\/35299915_1890649307665624_5076667561668509696_n-1-300x169.jpg 300w, https:\/\/soclimb.pl\/wp-content\/uploads\/2018\/12\/35299915_1890649307665624_5076667561668509696_n-1-768x432.jpg 768w, https:\/\/soclimb.pl\/wp-content\/uploads\/2018\/12\/35299915_1890649307665624_5076667561668509696_n-1-1024x576.jpg 1024w, https:\/\/soclimb.pl\/wp-content\/uploads\/2018\/12\/35299915_1890649307665624_5076667561668509696_n-1.jpg 1599w\" sizes=\"auto, (max-width: 300px) 100vw, 300px\" \/>\u00a0 \u00a0 \u00a0\u00a0 <img loading=\"lazy\" decoding=\"async\" class=\"alignnone size-medium wp-image-649\" src=\"https:\/\/soclimb.pl\/wp-content\/uploads\/2018\/12\/42608039_491140894718236_4378847826902253568_n-169x300.jpg\" alt=\"\" width=\"169\" height=\"300\" srcset=\"https:\/\/soclimb.pl\/wp-content\/uploads\/2018\/12\/42608039_491140894718236_4378847826902253568_n-169x300.jpg 169w, https:\/\/soclimb.pl\/wp-content\/uploads\/2018\/12\/42608039_491140894718236_4378847826902253568_n-768x1366.jpg 768w, https:\/\/soclimb.pl\/wp-content\/uploads\/2018\/12\/42608039_491140894718236_4378847826902253568_n-576x1024.jpg 576w, https:\/\/soclimb.pl\/wp-content\/uploads\/2018\/12\/42608039_491140894718236_4378847826902253568_n.jpg 899w\" sizes=\"auto, (max-width: 169px) 100vw, 169px\" \/>\u00a0 \u00a0 \u00a0\u00a0 <img loading=\"lazy\" decoding=\"async\" class=\"alignnone size-medium wp-image-650\" src=\"https:\/\/soclimb.pl\/wp-content\/uploads\/2018\/12\/IMG_5313-225x300.jpg\" alt=\"\" width=\"225\" height=\"300\" srcset=\"https:\/\/soclimb.pl\/wp-content\/uploads\/2018\/12\/IMG_5313-225x300.jpg 225w, https:\/\/soclimb.pl\/wp-content\/uploads\/2018\/12\/IMG_5313-768x1024.jpg 768w\" sizes=\"auto, (max-width: 225px) 100vw, 225px\" \/><\/p>\n<p>Warto te\u017c wspomnie\u0107 o przej\u015bciach, tych z kategorii &#8222;nowa \u017cyci\u00f3wka&#8221;, <strong>Anety<\/strong> (pierwsze 6a na Sycylii &#8211; <em>Tower Pillar<\/em>), <strong>Tomka<\/strong> (pierwsze VI &#8211; <em>Direttisima<\/em>na M\u0142ynarzu) oraz <strong>Wojtka<\/strong> (<em>Direttisima<\/em> VI i <em>Psychosomatyczny spleen<\/em> VI.1 w Mirowie)<\/p>\n<p>Nadchodz\u0105cy sezon na pewno b\u0119dzie jeszcze lepszy. Zwiastuj\u0105 to nowe transfery do teamu oraz kilka (jestem tego pewien) spektakularnych powrot\u00f3w. Stay tuned&#8230;:)<\/p>\n<p>Sok\u00f3\u0142<\/p>\n<p>&nbsp;<\/p>\n","protected":false},"excerpt":{"rendered":"<p>Koniec roku coraz bli\u017cej, a wi\u0119c pora na podsumowanie tego co dzia\u0142o si\u0119 w ostatnich 11 miesi\u0105cach. A dzia\u0142o si\u0119 sporo! Zdecydowana wi\u0119kszo\u015b\u0107 teamu osi\u0105gn\u0119\u0142a swoje cele i udowodni\u0142a, \u017ce rzetelny trening pop\u0142aca&#8230;:) ProTeam Zdecydowanie najbardziej imponuj\u0105cy zestaw przej\u015b\u0107 zgromadzi\u0142 Maciek. Zesz\u0142oroczne przerzucenie si\u0142 z pionowych klasyk\u00f3w jury p\u00f3\u0142nocnej na Pochylca by\u0142o strza\u0142em w dziesi\u0105tk\u0119. [&hellip;]<\/p>\n","protected":false},"author":1,"featured_media":656,"comment_status":"closed","ping_status":"open","sticky":false,"template":"","format":"standard","meta":{"footnotes":""},"categories":[5],"tags":[],"class_list":["post-617","post","type-post","status-publish","format-standard","has-post-thumbnail","hentry","category-wyjazdy"],"_links":{"self":[{"href":"https:\/\/soclimb.pl\/index.php\/wp-json\/wp\/v2\/posts\/617","targetHints":{"allow":["GET"]}}],"collection":[{"href":"https:\/\/soclimb.pl\/index.php\/wp-json\/wp\/v2\/posts"}],"about":[{"href":"https:\/\/soclimb.pl\/index.php\/wp-json\/wp\/v2\/types\/post"}],"author":[{"embeddable":true,"href":"https:\/\/soclimb.pl\/index.php\/wp-json\/wp\/v2\/users\/1"}],"replies":[{"embeddable":true,"href":"https:\/\/soclimb.pl\/index.php\/wp-json\/wp\/v2\/comments?post=617"}],"version-history":[{"count":17,"href":"https:\/\/soclimb.pl\/index.php\/wp-json\/wp\/v2\/posts\/617\/revisions"}],"predecessor-version":[{"id":666,"href":"https:\/\/soclimb.pl\/index.php\/wp-json\/wp\/v2\/posts\/617\/revisions\/666"}],"wp:featuredmedia":[{"embeddable":true,"href":"https:\/\/soclimb.pl\/index.php\/wp-json\/wp\/v2\/media\/656"}],"wp:attachment":[{"href":"https:\/\/soclimb.pl\/index.php\/wp-json\/wp\/v2\/media?parent=617"}],"wp:term":[{"taxonomy":"category","embeddable":true,"href":"https:\/\/soclimb.pl\/index.php\/wp-json\/wp\/v2\/categories?post=617"},{"taxonomy":"post_tag","embeddable":true,"href":"https:\/\/soclimb.pl\/index.php\/wp-json\/wp\/v2\/tags?post=617"}],"curies":[{"name":"wp","href":"https:\/\/api.w.org\/{rel}","templated":true}]}}